{"id":1635,"date":"2024-10-01T12:27:08","date_gmt":"2024-10-01T12:27:08","guid":{"rendered":"https:\/\/catedra.ai\/el-proposit-de-la-ia-fem-la-enganxosa\/"},"modified":"2024-10-01T13:50:09","modified_gmt":"2024-10-01T13:50:09","slug":"el-proposit-de-la-ia-fem-la-enganxosa","status":"publish","type":"post","link":"https:\/\/catedra.ai\/ca\/el-proposit-de-la-ia-fem-la-enganxosa\/","title":{"rendered":"El prop\u00f2sit de la IA: Fem-la enganxosa"},"content":{"rendered":"\n<p>\u00c9s sorprenent com de lluny hem arribat. Si mirem fa nom\u00e9s 18 a 24 mesos, podem veure l&#8217;enorme progr\u00e9s (juntament amb molt soroll, cal recon\u00e8ixer-ho) que ha aconseguit la tecnologia d&#8217;IA. I hi ha molt m\u00e9s per venir.   <\/p>\n\n<p>La IA generativa ha portat un aire fresc al panorama tecnol\u00f2gic, revolucionant no nom\u00e9s el que es pot fer, sin\u00f3 tamb\u00e9 els requisits per aconseguir-ho. Un clar exemple s\u00f3n els copilots per a la programaci\u00f3: un pot demanar-li a un assistent que cre\u00ef un codi complex per resoldre un determinat problema, de vegades fins i tot sense saber res de programaci\u00f3! Aix\u00ed mateix, es pot crear la lletra d&#8217;una can\u00e7\u00f3 amb ChatGPT i despr\u00e9s fer-la servir amb aplicacions com suno.ai per generar la melodia. Tot plegat en menys d&#8217;un minut. Recentment, Google va llan\u00e7ar <a href=\"https:\/\/notebooklm.google\/\">NotebookLLM<\/a> que, entre altres funcionalitats, us permet crear podcasts autom\u00e0ticament a partir dels vostres documents. Sorprenent.     <\/p>\n\n<p>Al panorama de la IA, hi ha diverses dimensions que han canviat molt. Per exemple, construir models d&#8217;IA per a tasques espec\u00edfiques mai no ha estat tan f\u00e0cil, simplement perqu\u00e8 els Large Language Models (LLM) ja tenen part del coneixement necessari per resoldre moltes tasques. Per tant, si poguessis usar una m\u00e0quina del temps per viatjar deu anys enrere i intentar explicar-li a un cient\u00edfic de dades\/IA t\u00e8cniques com ara prompting, RAG i similars, molt probablement series considerat un visionari&#8230; o simplement un boig.  <br\/><\/p>\n\n<h2 class=\"wp-block-heading\">Per\u00f2, la IA va en la direcci\u00f3 correcta?<\/h2>\n\n<p>Deixa&#8217;m explicar-te una cosa que va passar fa uns dies. Estava compartint a LinkedIn un resum de les xerrades que vaig estar fent els dies seg\u00fcents. Aleshores, a banda dels sospitosos habituals que van reaccionar al meu post, hi va haver un nom en particular que em va cridar l&#8217;atenci\u00f3:  <\/p>\n\n<figure class=\"wp-block-image size-large\"><img fetchpriority=\"high\" decoding=\"async\" width=\"1024\" height=\"367\" src=\"https:\/\/catedra.ai\/wp-content\/uploads\/2024\/10\/Captura-de-pantalla-2024-09-27-a-les-14.36.10-1024x367.png\" alt=\"\" class=\"wp-image-1618\" srcset=\"https:\/\/catedra.ai\/wp-content\/uploads\/2024\/10\/Captura-de-pantalla-2024-09-27-a-les-14.36.10-1024x367.png 1024w, https:\/\/catedra.ai\/wp-content\/uploads\/2024\/10\/Captura-de-pantalla-2024-09-27-a-les-14.36.10-300x108.png 300w, https:\/\/catedra.ai\/wp-content\/uploads\/2024\/10\/Captura-de-pantalla-2024-09-27-a-les-14.36.10-768x276.png 768w, https:\/\/catedra.ai\/wp-content\/uploads\/2024\/10\/Captura-de-pantalla-2024-09-27-a-les-14.36.10.png 1126w\" sizes=\"(max-width: 1024px) 100vw, 1024px\" \/><\/figure>\n\n<p>Com que la meva publicaci\u00f3 estava en espanyol, vaig pensar que era una mica estrany tenir alguna reacci\u00f3 d&#8217;audi\u00e8ncia no espanyola. Aix\u00ed que vaig investigar una mica m\u00e9s sobre Tess\u2026 <\/p>\n\n<p>Segons el seu perfil de LinkedIn, Tess \u00e9s la primera empleada totalment creada amb intel\u00b7lig\u00e8ncia artificial de la seva organitzaci\u00f3. Per tant, malgrat la bonica imatge al seu perfil, Tess \u00e9s nom\u00e9s zeros i uns, despr\u00e9s de tot, no \u00e9s una persona real.  <\/p>\n\n<figure class=\"wp-block-image size-large\"><img decoding=\"async\" width=\"1024\" height=\"1024\" src=\"https:\/\/catedra.ai\/wp-content\/uploads\/2024\/10\/Captura-de-pantalla-2024-09-27-a-les-14.36.50-1024x1024.png\" alt=\"\" class=\"wp-image-1621\" srcset=\"https:\/\/catedra.ai\/wp-content\/uploads\/2024\/10\/Captura-de-pantalla-2024-09-27-a-les-14.36.50-1024x1024.png 1024w, https:\/\/catedra.ai\/wp-content\/uploads\/2024\/10\/Captura-de-pantalla-2024-09-27-a-les-14.36.50-300x300.png 300w, https:\/\/catedra.ai\/wp-content\/uploads\/2024\/10\/Captura-de-pantalla-2024-09-27-a-les-14.36.50-150x150.png 150w, https:\/\/catedra.ai\/wp-content\/uploads\/2024\/10\/Captura-de-pantalla-2024-09-27-a-les-14.36.50-768x767.png 768w, https:\/\/catedra.ai\/wp-content\/uploads\/2024\/10\/Captura-de-pantalla-2024-09-27-a-les-14.36.50-1536x1534.png 1536w, https:\/\/catedra.ai\/wp-content\/uploads\/2024\/10\/Captura-de-pantalla-2024-09-27-a-les-14.36.50.png 1588w\" sizes=\"(max-width: 1024px) 100vw, 1024px\" \/><\/figure>\n\n<p>Ara parem un moment i pensem en qu\u00e8 ha fet Tess en reaccionar al meu post: Va ser una de les tasques que se suposa que ha de fer aquesta IA a la seva feina di\u00e0ria? Aquesta activitat impacta la seva feina? Honestament, no ho crec. No tinc previst llogar ni vendre cap propietat, i realment em pregunto per qu\u00e8 Tess va considerar que la meva publicaci\u00f3 condu\u00efa a aquest objectiu&#8230; Per tant, nom\u00e9s puc concloure que les accions de Tess no estan alineades amb les intencions del seu amo.    <\/p>\n\n<p>En un recent <a href=\"https:\/\/arxiv.org\/pdf\/2404.16244\">manifest<\/a> escrit per experts del camp de la IA, es mostra com l&#8217;alineaci\u00f3 entre l&#8217;\u00fas d&#8217;assistents basats en IA i els seus objectius previstos \u00e9s crucial per garantir el desenvolupament exit\u00f3s del camp. Aquest document tamb\u00e9 preveu un impacte incre\u00efble de la IA a la nostra vida di\u00e0ria els propers anys, i proposa formes de monitoritzar i controlar els assistents d&#8217;IA perqu\u00e8 estiguin cont\u00ednuament alineats i els seus resultats siguin beneficiosos. <\/p>\n\n<p>En aquesta direcci\u00f3, empreses com <a href=\"https:\/\/alinia.ai\/\">Alinia<\/a> el <a href=\"https:\/\/galtea.ai\/\">Galtea<\/a> se centren a garantir que els LLM es mantinguin sota control quan s&#8217;implementen en un projecte de software. <\/p>\n\n<p>Aleshores, s\u00ed, avui dia pots programar els teus robots d&#8217;intel\u00b7lig\u00e8ncia artificial perqu\u00e8 mirin en xarxes socials com LinkedIn i prospectin el mercat on apuntes. Per\u00f2 t&#8217;has d&#8217;assegurar que no s&#8217;acabin enfocant en els objectius equivocats i que per aix\u00f2 la teva marca tingui conseq\u00fc\u00e8ncies negatives.  <\/p>\n\n<h2 class=\"wp-block-heading\">IA enganxosa<\/h2>\n\n<p>Comparant els grans invents de la nostra hist\u00f2ria amb les fites actuals de la IA, crec que encara queda molt per fer per portar la IA al mateix nivell que invents revolucionaris com l&#8217;electricitat o l&#8217;aviaci\u00f3. Crec que el progr\u00e9s tecnol\u00f2gic nom\u00e9s impacta la societat quan \u00e9s enganx\u00f3s: una vegada que ho proves, no pots evitar fer-lo servir d&#8217;aqu\u00ed endavant. L&#8217;electricitat n&#8217;\u00e9s un clar exemple: va revolucionar la manera de viure (per b\u00e9) de la gent i va fer que el m\u00f3n avanc\u00e9s cap a nous nivells de qualitat de vida mai abans considerats. Per descomptat, \u00e9s genial que ara puguem compondre m\u00fasica sense haver de dedicar temps a aprendre-la, per\u00f2 en la meva sincera opini\u00f3 aix\u00f2 no far\u00e0 que la IA sigui un invent comparable a l&#8217;electricitat.   <\/p>\n\n<p>Per\u00f2 qu\u00e8 \u00e9s el que resulta enganx\u00f2s per a la IA? No puc estar m\u00e9s d&#8217;acord amb Joanna Maciejewska, que recentment va dir: \u201c<em>Vull que la IA renti la roba i els plats perqu\u00e8 jo pugui fer art i escriure, no que la IA faci el meu art i l&#8217;escriptura perqu\u00e8 jo pugui rentar la roba i els plats.<\/em>\u201d  <\/p>\n\n<figure class=\"wp-block-image size-full\"><img decoding=\"async\" width=\"800\" height=\"508\" src=\"https:\/\/catedra.ai\/wp-content\/uploads\/2024\/10\/1717354621203-e1717763108385.jpeg\" alt=\"\" class=\"wp-image-1624\" srcset=\"https:\/\/catedra.ai\/wp-content\/uploads\/2024\/10\/1717354621203-e1717763108385.jpeg 800w, https:\/\/catedra.ai\/wp-content\/uploads\/2024\/10\/1717354621203-e1717763108385-300x191.jpeg 300w, https:\/\/catedra.ai\/wp-content\/uploads\/2024\/10\/1717354621203-e1717763108385-768x488.jpeg 768w\" sizes=\"(max-width: 800px) 100vw, 800px\" \/><\/figure>\n\n<p>El primer i \u00fanic objectiu hauria de ser desenvolupar tecnologia d&#8217;intel\u00b7lig\u00e8ncia artificial centrada a resoldre problemes reals que generin un veritable impacte a la societat. Aix\u00f2 garantir\u00e0 que la IA exerceixi un paper important en les nostres vides. Pensem, per exemple, en les aplicacions de salut: una IA que pugui escur\u00e7ar considerablement el temps necessari per predir una malaltia ha de ser definitivament adoptada sense dubtar-ho.   <\/p>\n\n<p>Per\u00f2 com suggereix Joanna, per a la seva sobtada adopci\u00f3, les tasques que la IA est\u00e0 resolent no han de ser cr\u00edtiques sempre. La productivitat digital n&#8217;\u00e9s un exemple: actualment dediquem un ter\u00e7 de la nostra jornada laboral al nostre correu electr\u00f2nic. De mitjana per dia, tenim al voltant de 58 interrupcions i utilitzem entre 10 i 15 aplicacions. Aix\u00f2 fa que la nostra interacci\u00f3 di\u00e0ria amb els ordinadors sigui un veritable desafiament, ja que intentem mantenir sota control les tasques mundanes i tedioses per poder realitzar tasques impactants i creatives que realment aportin valor a la nostra organitzaci\u00f3. Les aplicacions d&#8217;IA dedicades a millorar la nostra productivitat digital poden ser un bon exemple de com pot ser d&#8217;enganxosa la IA.     <\/p>\n\n<p>&#8216;Quins poden ser alguns indicadors que una soluci\u00f3 dIA ser\u00e0 enganxosa per a una tasca X en particular? Permeteu-me proposar alguns: <\/p>\n\n<ul class=\"wp-block-list\">\n<li>La forma actual de resoldre X requereix massa temps, o<\/li>\n\n\n\n<li>La forma actual de resoldre X costa massa (diners, vides,\u2026), o<\/li>\n\n\n\n<li>La tasca X \u00e9s crucial per a la tasca m\u00e9s general Y, la qual s&#8217;inclou a alguna de les dues categories anteriors, o <\/li>\n\n\n\n<li>La nova forma de resoldre X crea una necessitat sense precedents (per exemple, abans dels vols comercials, viatjar es considerava un luxe; despr\u00e9s, no). <\/li>\n<\/ul>\n\n<p>Per descomptat, la llista anterior no \u00e9s exhaustiva sin\u00f3 m\u00e9s aviat el resultat danalitzar l&#8217;\u00e8xit dalguns invents que em van venir a la ment en escriure aquest article. Hi pot haver altres indicadors que poden tamb\u00e8 fer que una IA sigui enganxosa.  <\/p>\n\n<p>En conclusi\u00f3, un dels riscos clau del desenvolupament de tecnologia d&#8217;IA no enganxosa \u00e9s la possibilitat que es torni irrellevant. Quan s&#8217;utilitza la IA per replicar el comportament hum\u00e0 en tasques en qu\u00e8 no sobresortim particularment, com donar Like a publicacions a LinkedIn, es corre el risc de quedar-ne al marge. Si en canvi la IA s&#8217;aprofita per abordar problemes del m\u00f3n real de maneres innovadores i no centrades en l&#8217;\u00e9sser hum\u00e0 que condueixin a solucions impactants i dif\u00edcils d&#8217;ignorar, \u00e9s molt m\u00e9s probable que tingui una import\u00e0ncia i una adopci\u00f3 de gran abast.  <\/p>\n\n<p><em>Josep Carmona<\/em> <br\/>Process Talks and Catedra.ai<\/p>\n","protected":false},"excerpt":{"rendered":"<p>\u00c9s sorprenent com de lluny hem arribat. Si mirem fa nom\u00e9s 18 a 24 mesos, podem veure l&#8217;enorme progr\u00e9s (juntament amb molt soroll, cal recon\u00e8ixer-ho) que ha aconseguit la tecnologia d&#8217;IA. I hi ha molt m\u00e9s per venir. La IA generativa ha portat un aire fresc al panorama tecnol\u00f2gic, revolucionant no nom\u00e9s el que es [&hellip;]<\/p>\n","protected":false},"author":2,"featured_media":1616,"comment_status":"closed","ping_status":"open","sticky":false,"template":"","format":"standard","meta":{"footnotes":""},"categories":[20],"tags":[],"class_list":["post-1635","post","type-post","status-publish","format-standard","has-post-thumbnail","hentry","category-destacat"],"yoast_head":"<!-- This site is optimized with the Yoast SEO plugin v22.6 - https:\/\/yoast.com\/wordpress\/plugins\/seo\/ -->\n<title>El prop\u00f2sit de la IA: Fem-la enganxosa - Catedra.ai<\/title>\n<meta name=\"robots\" content=\"index, follow, max-snippet:-1, max-image-preview:large, max-video-preview:-1\" \/>\n<link rel=\"canonical\" href=\"https:\/\/catedra.ai\/ca\/el-proposit-de-la-ia-fem-la-enganxosa\/\" \/>\n<meta property=\"og:locale\" content=\"ca_ES\" \/>\n<meta property=\"og:type\" content=\"article\" \/>\n<meta property=\"og:title\" content=\"El prop\u00f2sit de la IA: Fem-la enganxosa - Catedra.ai\" \/>\n<meta property=\"og:description\" content=\"\u00c9s sorprenent com de lluny hem arribat. Si mirem fa nom\u00e9s 18 a 24 mesos, podem veure l&#8217;enorme progr\u00e9s (juntament amb molt soroll, cal recon\u00e8ixer-ho) que ha aconseguit la tecnologia d&#8217;IA. I hi ha molt m\u00e9s per venir. La IA generativa ha portat un aire fresc al panorama tecnol\u00f2gic, revolucionant no nom\u00e9s el que es [&hellip;]\" \/>\n<meta property=\"og:url\" content=\"https:\/\/catedra.ai\/ca\/el-proposit-de-la-ia-fem-la-enganxosa\/\" \/>\n<meta property=\"og:site_name\" content=\"Catedra.ai\" \/>\n<meta property=\"article:published_time\" content=\"2024-10-01T12:27:08+00:00\" \/>\n<meta property=\"article:modified_time\" content=\"2024-10-01T13:50:09+00:00\" \/>\n<meta property=\"og:image\" content=\"https:\/\/catedra.ai\/wp-content\/uploads\/2024\/10\/scott-sanker-IDaeLeKiie0-unsplash.jpg\" \/>\n\t<meta property=\"og:image:width\" content=\"640\" \/>\n\t<meta property=\"og:image:height\" content=\"427\" \/>\n\t<meta property=\"og:image:type\" content=\"image\/jpeg\" \/>\n<meta name=\"author\" content=\"Catedra_Admin\" \/>\n<meta name=\"twitter:card\" content=\"summary_large_image\" \/>\n<meta name=\"twitter:label1\" content=\"Escrit per\" \/>\n\t<meta name=\"twitter:data1\" content=\"Catedra_Admin\" \/>\n\t<meta name=\"twitter:label2\" content=\"Temps estimat de lectura\" \/>\n\t<meta name=\"twitter:data2\" content=\"6 minuts\" \/>\n<script type=\"application\/ld+json\" class=\"yoast-schema-graph\">{\"@context\":\"https:\/\/schema.org\",\"@graph\":[{\"@type\":\"WebPage\",\"@id\":\"https:\/\/catedra.ai\/ca\/el-proposit-de-la-ia-fem-la-enganxosa\/\",\"url\":\"https:\/\/catedra.ai\/ca\/el-proposit-de-la-ia-fem-la-enganxosa\/\",\"name\":\"El prop\u00f2sit de la IA: Fem-la enganxosa - Catedra.ai\",\"isPartOf\":{\"@id\":\"https:\/\/catedra.ai\/#website\"},\"primaryImageOfPage\":{\"@id\":\"https:\/\/catedra.ai\/ca\/el-proposit-de-la-ia-fem-la-enganxosa\/#primaryimage\"},\"image\":{\"@id\":\"https:\/\/catedra.ai\/ca\/el-proposit-de-la-ia-fem-la-enganxosa\/#primaryimage\"},\"thumbnailUrl\":\"https:\/\/catedra.ai\/wp-content\/uploads\/2024\/10\/scott-sanker-IDaeLeKiie0-unsplash.jpg\",\"datePublished\":\"2024-10-01T12:27:08+00:00\",\"dateModified\":\"2024-10-01T13:50:09+00:00\",\"author\":{\"@id\":\"https:\/\/catedra.ai\/#\/schema\/person\/3f114cd423f5e03ca39d54c0b2654537\"},\"breadcrumb\":{\"@id\":\"https:\/\/catedra.ai\/ca\/el-proposit-de-la-ia-fem-la-enganxosa\/#breadcrumb\"},\"inLanguage\":\"ca\",\"potentialAction\":[{\"@type\":\"ReadAction\",\"target\":[\"https:\/\/catedra.ai\/ca\/el-proposit-de-la-ia-fem-la-enganxosa\/\"]}]},{\"@type\":\"ImageObject\",\"inLanguage\":\"ca\",\"@id\":\"https:\/\/catedra.ai\/ca\/el-proposit-de-la-ia-fem-la-enganxosa\/#primaryimage\",\"url\":\"https:\/\/catedra.ai\/wp-content\/uploads\/2024\/10\/scott-sanker-IDaeLeKiie0-unsplash.jpg\",\"contentUrl\":\"https:\/\/catedra.ai\/wp-content\/uploads\/2024\/10\/scott-sanker-IDaeLeKiie0-unsplash.jpg\",\"width\":640,\"height\":427},{\"@type\":\"BreadcrumbList\",\"@id\":\"https:\/\/catedra.ai\/ca\/el-proposit-de-la-ia-fem-la-enganxosa\/#breadcrumb\",\"itemListElement\":[{\"@type\":\"ListItem\",\"position\":1,\"name\":\"Home\",\"item\":\"https:\/\/catedra.ai\/ca\/\"},{\"@type\":\"ListItem\",\"position\":2,\"name\":\"El prop\u00f2sit de la IA: Fem-la enganxosa\"}]},{\"@type\":\"WebSite\",\"@id\":\"https:\/\/catedra.ai\/#website\",\"url\":\"https:\/\/catedra.ai\/\",\"name\":\"Catedra.ai\",\"description\":\"\",\"potentialAction\":[{\"@type\":\"SearchAction\",\"target\":{\"@type\":\"EntryPoint\",\"urlTemplate\":\"https:\/\/catedra.ai\/?s={search_term_string}\"},\"query-input\":\"required name=search_term_string\"}],\"inLanguage\":\"ca\"},{\"@type\":\"Person\",\"@id\":\"https:\/\/catedra.ai\/#\/schema\/person\/3f114cd423f5e03ca39d54c0b2654537\",\"name\":\"Catedra_Admin\",\"image\":{\"@type\":\"ImageObject\",\"inLanguage\":\"ca\",\"@id\":\"https:\/\/catedra.ai\/#\/schema\/person\/image\/\",\"url\":\"https:\/\/secure.gravatar.com\/avatar\/25d45dd2ebc215f88b731cf54da4f58591794f9aefd7d5a170b3918fbdca57f3?s=96&d=mm&r=g\",\"contentUrl\":\"https:\/\/secure.gravatar.com\/avatar\/25d45dd2ebc215f88b731cf54da4f58591794f9aefd7d5a170b3918fbdca57f3?s=96&d=mm&r=g\",\"caption\":\"Catedra_Admin\"},\"url\":\"https:\/\/catedra.ai\/ca\/author\/catedra_admin\/\"}]}<\/script>\n<!-- \/ Yoast SEO plugin. -->","yoast_head_json":{"title":"El prop\u00f2sit de la IA: Fem-la enganxosa - Catedra.ai","robots":{"index":"index","follow":"follow","max-snippet":"max-snippet:-1","max-image-preview":"max-image-preview:large","max-video-preview":"max-video-preview:-1"},"canonical":"https:\/\/catedra.ai\/ca\/el-proposit-de-la-ia-fem-la-enganxosa\/","og_locale":"ca_ES","og_type":"article","og_title":"El prop\u00f2sit de la IA: Fem-la enganxosa - Catedra.ai","og_description":"\u00c9s sorprenent com de lluny hem arribat. Si mirem fa nom\u00e9s 18 a 24 mesos, podem veure l&#8217;enorme progr\u00e9s (juntament amb molt soroll, cal recon\u00e8ixer-ho) que ha aconseguit la tecnologia d&#8217;IA. I hi ha molt m\u00e9s per venir. La IA generativa ha portat un aire fresc al panorama tecnol\u00f2gic, revolucionant no nom\u00e9s el que es [&hellip;]","og_url":"https:\/\/catedra.ai\/ca\/el-proposit-de-la-ia-fem-la-enganxosa\/","og_site_name":"Catedra.ai","article_published_time":"2024-10-01T12:27:08+00:00","article_modified_time":"2024-10-01T13:50:09+00:00","og_image":[{"width":640,"height":427,"url":"https:\/\/catedra.ai\/wp-content\/uploads\/2024\/10\/scott-sanker-IDaeLeKiie0-unsplash.jpg","type":"image\/jpeg"}],"author":"Catedra_Admin","twitter_card":"summary_large_image","twitter_misc":{"Escrit per":"Catedra_Admin","Temps estimat de lectura":"6 minuts"},"schema":{"@context":"https:\/\/schema.org","@graph":[{"@type":"WebPage","@id":"https:\/\/catedra.ai\/ca\/el-proposit-de-la-ia-fem-la-enganxosa\/","url":"https:\/\/catedra.ai\/ca\/el-proposit-de-la-ia-fem-la-enganxosa\/","name":"El prop\u00f2sit de la IA: Fem-la enganxosa - Catedra.ai","isPartOf":{"@id":"https:\/\/catedra.ai\/#website"},"primaryImageOfPage":{"@id":"https:\/\/catedra.ai\/ca\/el-proposit-de-la-ia-fem-la-enganxosa\/#primaryimage"},"image":{"@id":"https:\/\/catedra.ai\/ca\/el-proposit-de-la-ia-fem-la-enganxosa\/#primaryimage"},"thumbnailUrl":"https:\/\/catedra.ai\/wp-content\/uploads\/2024\/10\/scott-sanker-IDaeLeKiie0-unsplash.jpg","datePublished":"2024-10-01T12:27:08+00:00","dateModified":"2024-10-01T13:50:09+00:00","author":{"@id":"https:\/\/catedra.ai\/#\/schema\/person\/3f114cd423f5e03ca39d54c0b2654537"},"breadcrumb":{"@id":"https:\/\/catedra.ai\/ca\/el-proposit-de-la-ia-fem-la-enganxosa\/#breadcrumb"},"inLanguage":"ca","potentialAction":[{"@type":"ReadAction","target":["https:\/\/catedra.ai\/ca\/el-proposit-de-la-ia-fem-la-enganxosa\/"]}]},{"@type":"ImageObject","inLanguage":"ca","@id":"https:\/\/catedra.ai\/ca\/el-proposit-de-la-ia-fem-la-enganxosa\/#primaryimage","url":"https:\/\/catedra.ai\/wp-content\/uploads\/2024\/10\/scott-sanker-IDaeLeKiie0-unsplash.jpg","contentUrl":"https:\/\/catedra.ai\/wp-content\/uploads\/2024\/10\/scott-sanker-IDaeLeKiie0-unsplash.jpg","width":640,"height":427},{"@type":"BreadcrumbList","@id":"https:\/\/catedra.ai\/ca\/el-proposit-de-la-ia-fem-la-enganxosa\/#breadcrumb","itemListElement":[{"@type":"ListItem","position":1,"name":"Home","item":"https:\/\/catedra.ai\/ca\/"},{"@type":"ListItem","position":2,"name":"El prop\u00f2sit de la IA: Fem-la enganxosa"}]},{"@type":"WebSite","@id":"https:\/\/catedra.ai\/#website","url":"https:\/\/catedra.ai\/","name":"Catedra.ai","description":"","potentialAction":[{"@type":"SearchAction","target":{"@type":"EntryPoint","urlTemplate":"https:\/\/catedra.ai\/?s={search_term_string}"},"query-input":"required name=search_term_string"}],"inLanguage":"ca"},{"@type":"Person","@id":"https:\/\/catedra.ai\/#\/schema\/person\/3f114cd423f5e03ca39d54c0b2654537","name":"Catedra_Admin","image":{"@type":"ImageObject","inLanguage":"ca","@id":"https:\/\/catedra.ai\/#\/schema\/person\/image\/","url":"https:\/\/secure.gravatar.com\/avatar\/25d45dd2ebc215f88b731cf54da4f58591794f9aefd7d5a170b3918fbdca57f3?s=96&d=mm&r=g","contentUrl":"https:\/\/secure.gravatar.com\/avatar\/25d45dd2ebc215f88b731cf54da4f58591794f9aefd7d5a170b3918fbdca57f3?s=96&d=mm&r=g","caption":"Catedra_Admin"},"url":"https:\/\/catedra.ai\/ca\/author\/catedra_admin\/"}]}},"_links":{"self":[{"href":"https:\/\/catedra.ai\/ca\/wp-json\/wp\/v2\/posts\/1635","targetHints":{"allow":["GET"]}}],"collection":[{"href":"https:\/\/catedra.ai\/ca\/wp-json\/wp\/v2\/posts"}],"about":[{"href":"https:\/\/catedra.ai\/ca\/wp-json\/wp\/v2\/types\/post"}],"author":[{"embeddable":true,"href":"https:\/\/catedra.ai\/ca\/wp-json\/wp\/v2\/users\/2"}],"replies":[{"embeddable":true,"href":"https:\/\/catedra.ai\/ca\/wp-json\/wp\/v2\/comments?post=1635"}],"version-history":[{"count":7,"href":"https:\/\/catedra.ai\/ca\/wp-json\/wp\/v2\/posts\/1635\/revisions"}],"predecessor-version":[{"id":1646,"href":"https:\/\/catedra.ai\/ca\/wp-json\/wp\/v2\/posts\/1635\/revisions\/1646"}],"wp:featuredmedia":[{"embeddable":true,"href":"https:\/\/catedra.ai\/ca\/wp-json\/wp\/v2\/media\/1616"}],"wp:attachment":[{"href":"https:\/\/catedra.ai\/ca\/wp-json\/wp\/v2\/media?parent=1635"}],"wp:term":[{"taxonomy":"category","embeddable":true,"href":"https:\/\/catedra.ai\/ca\/wp-json\/wp\/v2\/categories?post=1635"},{"taxonomy":"post_tag","embeddable":true,"href":"https:\/\/catedra.ai\/ca\/wp-json\/wp\/v2\/tags?post=1635"}],"curies":[{"name":"wp","href":"https:\/\/api.w.org\/{rel}","templated":true}]}}